{"id":961,"date":"2022-10-12T17:11:23","date_gmt":"2022-10-12T17:11:23","guid":{"rendered":"https:\/\/groupeparamountblog.ca\/?p=961"},"modified":"2024-01-31T19:49:56","modified_gmt":"2024-01-31T19:49:56","slug":"des-espaces-exterieurs-relaxants-le-pouvoir-de-la-nature","status":"publish","type":"post","link":"https:\/\/groupeparamountblog.ca\/fr\/2022\/10\/des-espaces-exterieurs-relaxants-le-pouvoir-de-la-nature\/","title":{"rendered":"Des espaces ext\u00e9rieurs relaxants\u00a0: Le pouvoir de la nature"},"content":{"rendered":"\n<p><img loading=\"lazy\" decoding=\"async\" width=\"576\" height=\"398\" src=\"https:\/\/lh6.googleusercontent.com\/ORbxxcEupLTiOtZ_UL3Q1C8qxREebcsdkdskUtKMtsn3E9dCgjNZT-PIL2X3pdzSGXZQn-zm8EsVPZ4RrFb2P2p3_OWBmOjSm-Dib9DFRrBmNRY2iX41QmpYQ5oKzDtPvTzuIor-o32Xh2Y0svoszF7iia6FTfejOxB4JWhj2euzWisY06o_kiW1io1lBnmjo68w9Q\"><\/p>\n\n\n\n<p>La science a longtemps vant\u00e9 le pouvoir gu\u00e9risseur de la nature pour soulager l\u2019anxi\u00e9t\u00e9 et le stress et am\u00e9liorer le mieux-\u00eatre. C\u2019est vrai pour les for\u00eats et les plages, mais c\u2019est aussi vrai pour les parcs publics ou votre cour arri\u00e8re.<\/p>\n\n\n\n<p>Selon Ellen Rasnikoff, architecte paysager chevronn\u00e9e du Groupe Paramont,&nbsp;\u00ab\u2009Tout le monde a besoin de b\u00e9n\u00e9ficier d\u2019un espace vert en guise de r\u00e9pit \u00e0 l\u2019environnement urbain, car la nature est tr\u00e8s importante pour notre sant\u00e9 physique et mentale. L\u2019air frais, les animaux, les oiseaux, les arbres, les plantations, l\u2019eau et les \u00e9l\u00e9ments naturels procurent calme, s\u00e9r\u00e9nit\u00e9 et bien-\u00eatre\u2009\u00bb.&nbsp;<\/p>\n\n\n\n<p>Tous nos sens sont sollicit\u00e9s par les odeurs des fragrances florales, la sensation de la brise ou du soleil sur notre peau et l\u2019impact visuel des nombreuses nuances et textures des plantes.<\/p>\n\n\n\n<figure class=\"wp-block-image\"><img decoding=\"async\" src=\"https:\/\/lh5.googleusercontent.com\/y3RJpJMtW4PV0cFIM4jbfwH2P9_lDjUCN7pppTbmj3N2HJMeUQ0TugpE4UcowUHFPypXuF7XXv5W2nEnT0qEfZoIHkhmYZdQaVbS8TiFuugaUHcNQUFlFWyKdaHr6TgmqE7G6xxHIz2YGl1nItKVlXOg1ZEwpF4f65GaoTRmbIMvphC5EYJa4T3dR1Box5pnwlldCQ\" alt=\"\"\/><\/figure>\n\n\n\n<p>\u00ab\u2009La visite des jardins, lors de mes voyages autour du monde, me procure une inspiration illimit\u00e9e. Depuis les immenses parcs urbains et cours priv\u00e9es \u00e0 Charleston aux temples japonais, pour \u00e9tudier les jardins zen contemplatifs, en passant par les magnifiques jardins europ\u00e9ens, tous sont autant de sources d\u2019inspiration pour les jardins plus formels\u2009\u00bb raconte Mme&nbsp;Rasnikoff.<\/p>\n\n\n\n<p>\u00ab\u2009Ici, en Am\u00e9rique du Nord, au cours du 19<sup>e<\/sup> si\u00e8cle, il a \u00e9t\u00e9 reconnu que la nature et les espaces verts ont un impact positif sur la population urbaine.&nbsp;<\/p>\n\n\n\n<p>C\u2019est pourquoi les dirigeants municipaux ont ajout\u00e9 de larges \u00e9tendues de terrain pour les parcs. L\u2019architecte paysager Frederick Law Olmsted a \u00e9t\u00e9 charg\u00e9 de concevoir le Central Park \u00e0 Manhattan, le Prospect Park \u00e0 Brooklyn et le parc du Mont-Royal, qui couronne notre ville\u2009\u00bb poursuit Ellen Rasnikoff. \u00ab\u2009De plus, le Jardin botanique de Montr\u00e9al, le plus grand en Am\u00e9rique du Nord, offre de multiples jardins, incluant un jardin sensoriel pour les malvoyants, en mettant l\u2019accent sur les textures et les odeurs. En fait, tout le monde devrait profiter des espaces verts ext\u00e9rieurs pour s\u2019\u00e9vader de l\u2019environnement urbain.<\/p>\n\n\n\n<p>Tous les bienfaits que procurent la nature et les vastes espaces verts ext\u00e9rieurs peuvent \u00eatre int\u00e9gr\u00e9s \u00e0 un jardin priv\u00e9 ou \u00e0 une cour arri\u00e8re, o\u00f9 un design sur mesure peut procurer de l\u2019intimit\u00e9, de l\u2019espace vert, de l\u2019ombre et de la lumi\u00e8re, des jeux d\u2019eau et de la verdure, afin d\u2019optimiser le bien-\u00eatre du client\u2009\u00bb.<\/p>\n\n\n\n<p>Mme&nbsp;Raskinoff mentionne que \u00ab\u2009un patio, une piscine ou un espace gazonn\u00e9 pour les jeux d\u2019enfants procurent un espace serein qui permet de d\u00e9compresser. Chaque projet est unique et il est important de comprendre les besoins de chacun pour que tous puissent profiter de l\u2019espace ext\u00e9rieur. Gr\u00e2ce au processus du design, nous pouvons cr\u00e9er un espace ext\u00e9rieur parfait\u2009\u00bb.<\/p>\n\n\n\n<p>Pour quiconque consid\u00e9rant un am\u00e9nagement ext\u00e9rieur sur sa propri\u00e9t\u00e9, les experts recommandent d\u2019y aller progressivement, de consulter des professionnels comp\u00e9tents et de bien r\u00e9fl\u00e9chir aux besoins \u00e0 court et \u00e0 long terme.<\/p>\n\n\n\n<p><img decoding=\"async\" src=\"https:\/\/lh5.googleusercontent.com\/qz9QhodPIpfpqtCf9Ea6RNVuhG0U65C4Ly75bq_xxBBMr-H7pHho1EYdXxklQ-GWxi_2wbrUw4FGT9pSm5FOUe1POMieRhctc6KIdFRFkp_ogiroS0Xpf6PfU8bo6CFDY9CHK1acTNtVg1BKU_NyAjP4xVz66qsRXM_0hv-9ROCdNLavjFmrX61j2vpmAV0Ccwq7tA\" style=\"width: 3px;\"><\/p>\n","protected":false},"excerpt":{"rendered":"<p>La science a longtemps vant\u00e9 le pouvoir gu\u00e9risseur de la nature pour soulager l\u2019anxi\u00e9t\u00e9 et le stress et am\u00e9liorer le mieux-\u00eatre. C\u2019est vrai pour les for\u00eats et les plages, mais c\u2019est aussi vrai pour les parcs publics ou votre cour arri\u00e8re. Selon Ellen Rasnikoff, architecte paysager chevronn\u00e9e du Groupe Paramont,&nbsp;\u00ab\u2009Tout le monde a besoin de [&hellip;]<\/p>\n","protected":false},"author":4,"featured_media":0,"comment_status":"closed","ping_status":"closed","sticky":false,"template":"","format":"standard","meta":{"footnotes":""},"categories":[7],"tags":[],"class_list":["post-961","post","type-post","status-publish","format-standard","hentry","category-non-classifiee"],"aioseo_notices":[],"_links":{"self":[{"href":"https:\/\/groupeparamountblog.ca\/fr\/wp-json\/wp\/v2\/posts\/961","targetHints":{"allow":["GET"]}}],"collection":[{"href":"https:\/\/groupeparamountblog.ca\/fr\/wp-json\/wp\/v2\/posts"}],"about":[{"href":"https:\/\/groupeparamountblog.ca\/fr\/wp-json\/wp\/v2\/types\/post"}],"author":[{"embeddable":true,"href":"https:\/\/groupeparamountblog.ca\/fr\/wp-json\/wp\/v2\/users\/4"}],"replies":[{"embeddable":true,"href":"https:\/\/groupeparamountblog.ca\/fr\/wp-json\/wp\/v2\/comments?post=961"}],"version-history":[{"count":2,"href":"https:\/\/groupeparamountblog.ca\/fr\/wp-json\/wp\/v2\/posts\/961\/revisions"}],"predecessor-version":[{"id":963,"href":"https:\/\/groupeparamountblog.ca\/fr\/wp-json\/wp\/v2\/posts\/961\/revisions\/963"}],"wp:attachment":[{"href":"https:\/\/groupeparamountblog.ca\/fr\/wp-json\/wp\/v2\/media?parent=961"}],"wp:term":[{"taxonomy":"category","embeddable":true,"href":"https:\/\/groupeparamountblog.ca\/fr\/wp-json\/wp\/v2\/categories?post=961"},{"taxonomy":"post_tag","embeddable":true,"href":"https:\/\/groupeparamountblog.ca\/fr\/wp-json\/wp\/v2\/tags?post=961"}],"curies":[{"name":"wp","href":"https:\/\/api.w.org\/{rel}","templated":true}]}}